{"id":422,"date":"2023-11-08T09:51:14","date_gmt":"2023-11-08T09:51:14","guid":{"rendered":"https:\/\/seismik.lu\/?p=422"},"modified":"2023-11-10T12:48:48","modified_gmt":"2023-11-10T12:48:48","slug":"betriebstest-in-duedelingen","status":"publish","type":"post","link":"https:\/\/seismik.lu\/de\/betriebstest-in-duedelingen\/","title":{"rendered":"Betriebstest in D\u00fcdelingen"},"content":{"rendered":"\n<p>Am Freitag, dem 10. November, wird die Firma Smart Seismic Solutions eine Reihe von Tests am Equipment und Parametrierungsmessungen der seismischen Erkundung durchf\u00fchren.<\/p>\n\n\n\n<h2 class=\"wp-block-heading\">Wo und wann?<\/h2>\n\n\n\n<div style=\"height:30px\" aria-hidden=\"true\" class=\"wp-block-spacer\"><\/div>\n\n\n\n<p>10. November 2023 von 9:00 bis 16:00 Uhr in D\u00fcdelingen, entlang der Stra\u00dfe CR190 (Route de Thionville), zwischen dem Jean-Fohrmann-Platz und der franz\u00f6sischen Grenze. <a href=\"http:\/\/g-o.lu\/3\/uRAV\" target=\"_blank\" rel=\"noopener\">Karte ansehen<\/a>.<\/p>\n\n\n\n<p>Weitere Informationen zum Projekt und zur Streckenf\u00fchrung der Messungen finden Sie unter <a href=\"https:\/\/seismik.lu\/de\">www.seismik.lu<\/a>.<\/p>\n\n\n\n<figure class=\"wp-block-image size-large\"><img decoding=\"async\" width=\"1024\" height=\"563\" src=\"https:\/\/seismik.lu\/wp-content\/uploads\/2023\/11\/Photo-camions_4-1024x563.jpg\" alt=\"\" class=\"wp-image-471\" srcset=\"https:\/\/seismik.lu\/wp-content\/uploads\/2023\/11\/Photo-camions_4-1024x563.jpg 1024w, https:\/\/seismik.lu\/wp-content\/uploads\/2023\/11\/Photo-camions_4-300x165.jpg 300w, https:\/\/seismik.lu\/wp-content\/uploads\/2023\/11\/Photo-camions_4-768x422.jpg 768w, https:\/\/seismik.lu\/wp-content\/uploads\/2023\/11\/Photo-camions_4.jpg 1280w\" sizes=\"(max-width: 1024px) 100vw, 1024px\" \/><\/figure>\n","protected":false},"excerpt":{"rendered":"<p>Am Freitag, dem 10. November, wird die Firma Smart Seismic Solutions eine Reihe von Tests am Equipment und Parametrierungsmessungen der seismischen Erkundung durchf\u00fchren. Wo und wann? 10. November 2023 von 9:00 bis 16:00 Uhr in D\u00fcdelingen, entlang der Stra\u00dfe CR190 (Route de Thionville), zwischen dem Jean-Fohrmann-Platz und der franz\u00f6sischen Grenze. Karte ansehen. Weitere Informationen zum [&hellip;]<\/p>\n","protected":false},"author":2,"featured_media":0,"comment_status":"open","ping_status":"open","sticky":false,"template":"","format":"standard","meta":{"_acf_changed":false,"footnotes":""},"categories":[12],"tags":[],"class_list":["post-422","post","type-post","status-publish","format-standard","hentry","category-unkategorisiert"],"acf":[],"_links":{"self":[{"href":"https:\/\/seismik.lu\/de\/wp-json\/wp\/v2\/posts\/422","targetHints":{"allow":["GET"]}}],"collection":[{"href":"https:\/\/seismik.lu\/de\/wp-json\/wp\/v2\/posts"}],"about":[{"href":"https:\/\/seismik.lu\/de\/wp-json\/wp\/v2\/types\/post"}],"author":[{"embeddable":true,"href":"https:\/\/seismik.lu\/de\/wp-json\/wp\/v2\/users\/2"}],"replies":[{"embeddable":true,"href":"https:\/\/seismik.lu\/de\/wp-json\/wp\/v2\/comments?post=422"}],"version-history":[{"count":2,"href":"https:\/\/seismik.lu\/de\/wp-json\/wp\/v2\/posts\/422\/revisions"}],"predecessor-version":[{"id":473,"href":"https:\/\/seismik.lu\/de\/wp-json\/wp\/v2\/posts\/422\/revisions\/473"}],"wp:attachment":[{"href":"https:\/\/seismik.lu\/de\/wp-json\/wp\/v2\/media?parent=422"}],"wp:term":[{"taxonomy":"category","embeddable":true,"href":"https:\/\/seismik.lu\/de\/wp-json\/wp\/v2\/categories?post=422"},{"taxonomy":"post_tag","embeddable":true,"href":"https:\/\/seismik.lu\/de\/wp-json\/wp\/v2\/tags?post=422"}],"curies":[{"name":"wp","href":"https:\/\/api.w.org\/{rel}","templated":true}]}}