{"id":432,"date":"2023-11-08T10:13:02","date_gmt":"2023-11-08T10:13:02","guid":{"rendered":"https:\/\/seismik.lu\/?p=432"},"modified":"2023-11-08T12:06:58","modified_gmt":"2023-11-08T12:06:58","slug":"tag-der-offenen-tuer","status":"publish","type":"post","link":"https:\/\/seismik.lu\/de\/tag-der-offenen-tuer\/","title":{"rendered":"Tag der Offenen T\u00fcr"},"content":{"rendered":"\n<p>Am Samstag, den 11. November laden die Stra\u00dfenbauverwaltung (<em>Administration des ponts et chauss\u00e9es<\/em>) und die Firma Smart Seismic Solutions zu einem Tag der Offenen T\u00fcr ein. Bei dieser Veranstaltung werden die Ger\u00e4te vorgestellt, die bei der in K\u00fcrze beginnenden seismischen Erkundungskampagne im Minette-Becken zum Einsatz kommen. Hier k\u00f6nnen Sie live erleben, wie der Untergrund mit Vibrationen erforscht wird, die von speziellen Lastwagen erzeugt werden und durch seismische Sensoren (\u201eGeophone\u201c) erfasst werden.<\/p>\n\n\n\n<h2 class=\"wp-block-heading\">Wo und wann?<\/h2>\n\n\n\n<div style=\"height:30px\" aria-hidden=\"true\" class=\"wp-block-spacer\"><\/div>\n\n\n\n<p>Am 11. November 2023, von 13:00 bis 16:00 Uhr, in der N\u00e4he der Sportpl\u00e4tze hinter den Parkpl\u00e4tzen n\u00f6rdlich des Neischmelz-Gel\u00e4ndes. <a href=\"http:\/\/g-o.lu\/3\/LXUB\" target=\"_blank\" rel=\"noopener\">Karte anschauen<\/a>.<\/p>\n\n\n\n<p>Weitere Informationen zum Projekt und zur Streckenf\u00fchrung der Messungen finden Sie unter <a href=\"https:\/\/seismik.lu\">www.seismik.lu<\/a>.<\/p>\n","protected":false},"excerpt":{"rendered":"<p>Am Samstag, den 11. November laden die Stra\u00dfenbauverwaltung (Administration des ponts et chauss\u00e9es) und die Firma Smart Seismic Solutions zu einem Tag der Offenen T\u00fcr ein. Bei dieser Veranstaltung werden die Ger\u00e4te vorgestellt, die bei der in K\u00fcrze beginnenden seismischen Erkundungskampagne im Minette-Becken zum Einsatz kommen. Hier k\u00f6nnen Sie live erleben, wie der Untergrund mit [&hellip;]<\/p>\n","protected":false},"author":2,"featured_media":0,"comment_status":"open","ping_status":"open","sticky":false,"template":"","format":"standard","meta":{"_acf_changed":false,"footnotes":""},"categories":[12],"tags":[],"class_list":["post-432","post","type-post","status-publish","format-standard","hentry","category-unkategorisiert"],"acf":[],"_links":{"self":[{"href":"https:\/\/seismik.lu\/de\/wp-json\/wp\/v2\/posts\/432","targetHints":{"allow":["GET"]}}],"collection":[{"href":"https:\/\/seismik.lu\/de\/wp-json\/wp\/v2\/posts"}],"about":[{"href":"https:\/\/seismik.lu\/de\/wp-json\/wp\/v2\/types\/post"}],"author":[{"embeddable":true,"href":"https:\/\/seismik.lu\/de\/wp-json\/wp\/v2\/users\/2"}],"replies":[{"embeddable":true,"href":"https:\/\/seismik.lu\/de\/wp-json\/wp\/v2\/comments?post=432"}],"version-history":[{"count":1,"href":"https:\/\/seismik.lu\/de\/wp-json\/wp\/v2\/posts\/432\/revisions"}],"predecessor-version":[{"id":433,"href":"https:\/\/seismik.lu\/de\/wp-json\/wp\/v2\/posts\/432\/revisions\/433"}],"wp:attachment":[{"href":"https:\/\/seismik.lu\/de\/wp-json\/wp\/v2\/media?parent=432"}],"wp:term":[{"taxonomy":"category","embeddable":true,"href":"https:\/\/seismik.lu\/de\/wp-json\/wp\/v2\/categories?post=432"},{"taxonomy":"post_tag","embeddable":true,"href":"https:\/\/seismik.lu\/de\/wp-json\/wp\/v2\/tags?post=432"}],"curies":[{"name":"wp","href":"https:\/\/api.w.org\/{rel}","templated":true}]}}