{"id":520,"date":"2023-11-29T09:01:06","date_gmt":"2023-11-29T09:01:06","guid":{"rendered":"https:\/\/seismik.lu\/?p=520"},"modified":"2023-11-29T09:18:00","modified_gmt":"2023-11-29T09:18:00","slug":"nachrichtenueberblick-ueber-das-seismik-projekt","status":"publish","type":"post","link":"https:\/\/seismik.lu\/de\/nachrichtenueberblick-ueber-das-seismik-projekt\/","title":{"rendered":"Nachrichten\u00fcberblick \u00fcber das Seismik-Projekt"},"content":{"rendered":"\n<p>Hier finden Sie alle aktuellen Nachrichten im Zusammenhang mit dem Seismik-Projekt und dem Verlauf der Explorationsbohrungen.<\/p>\n\n\n\n<p><a href=\"https:\/\/www.100komma7.lu\/news\/Geothermie-Letzebuerger-Schatzsich-am-Minett?pd=radio\" target=\"_blank\" rel=\"noopener\"><strong>100,7 Reportage \u2013 Geothermie: L\u00ebtzebuerger Schatzsich am Minett<\/strong><\/a> <strong>\u2013 <\/strong>E Schatz a Form vu bis zu 70 Grad waarmem Waasser g\u00ebtt zwee Kilometer \u00ebnnert dem Buedem t\u00ebscht Esch an Diddeleng gesicht.<\/p>\n\n\n\n<p><a href=\"https:\/\/www.rtl.lu\/news\/national\/a\/2136806.html\" target=\"_blank\" rel=\"noopener\"><strong>RTL Reportage \u2013 Op der Sich no waarmem Waasser am S\u00fcde vum Land<\/strong><\/a><strong> \u2013 <\/strong>H\u00ebtzt vun der \u00c4erd k\u00e9int an Zukunft am S\u00fcde vum Land ganz Quartiere mat W\u00e4ermt versuergen.<\/p>\n\n\n\n<p><strong><a href=\"https:\/\/seismik.lu\/wp-content\/uploads\/2023\/11\/1_RV_Artikel-Geothermie_TB.pdf\">Tageblatt Artikel \u2013 Geothermisches Potential im S\u00fcden<\/a><\/strong> <strong>\u2013<\/strong> Erkundungsmessungen ab dem 15. November LINK PDF<\/p>\n\n\n\n<p><strong><a href=\"https:\/\/seismik.lu\/wp-content\/uploads\/2023\/11\/1_RV_Messungen_LW.pdf\">Luxemburger Wort Artikel \u2013 Auf der Suche nach Erdw\u00e4rme vibriert Luxemburgs S\u00fcden<\/a><\/strong> <strong>\u2013 <\/strong>Es wird laut: Mit speziellen Fahrzeugen laufen in den kommenden Wochen an rund 1.700 Stellen geothermische Untersuchungen LINK PDF<\/p>\n\n\n\n<p><a href=\"https:\/\/www.youtube.com\/watch?v=syIAL8s-IDw\" target=\"_blank\" rel=\"noopener\"><strong>Video Interview von Herr Romain Meyer<\/strong><\/a>, Charg\u00e9 d\u2019\u00e9tudes et g\u00e9ologue des Service g\u00e9ologique de l\u2019\u00c9tat.<\/p>\n","protected":false},"excerpt":{"rendered":"<p>Hier finden Sie alle aktuellen Nachrichten im Zusammenhang mit dem Seismik-Projekt und dem Verlauf der Explorationsbohrungen. 100,7 Reportage \u2013 Geothermie: L\u00ebtzebuerger Schatzsich am Minett \u2013 E Schatz a Form vu bis zu 70 Grad waarmem Waasser g\u00ebtt zwee Kilometer \u00ebnnert dem Buedem t\u00ebscht Esch an Diddeleng gesicht. RTL Reportage \u2013 Op der Sich no waarmem [&hellip;]<\/p>\n","protected":false},"author":2,"featured_media":0,"comment_status":"open","ping_status":"open","sticky":false,"template":"","format":"standard","meta":{"_acf_changed":false,"footnotes":""},"categories":[12],"tags":[],"class_list":["post-520","post","type-post","status-publish","format-standard","hentry","category-unkategorisiert"],"acf":[],"_links":{"self":[{"href":"https:\/\/seismik.lu\/de\/wp-json\/wp\/v2\/posts\/520","targetHints":{"allow":["GET"]}}],"collection":[{"href":"https:\/\/seismik.lu\/de\/wp-json\/wp\/v2\/posts"}],"about":[{"href":"https:\/\/seismik.lu\/de\/wp-json\/wp\/v2\/types\/post"}],"author":[{"embeddable":true,"href":"https:\/\/seismik.lu\/de\/wp-json\/wp\/v2\/users\/2"}],"replies":[{"embeddable":true,"href":"https:\/\/seismik.lu\/de\/wp-json\/wp\/v2\/comments?post=520"}],"version-history":[{"count":1,"href":"https:\/\/seismik.lu\/de\/wp-json\/wp\/v2\/posts\/520\/revisions"}],"predecessor-version":[{"id":521,"href":"https:\/\/seismik.lu\/de\/wp-json\/wp\/v2\/posts\/520\/revisions\/521"}],"wp:attachment":[{"href":"https:\/\/seismik.lu\/de\/wp-json\/wp\/v2\/media?parent=520"}],"wp:term":[{"taxonomy":"category","embeddable":true,"href":"https:\/\/seismik.lu\/de\/wp-json\/wp\/v2\/categories?post=520"},{"taxonomy":"post_tag","embeddable":true,"href":"https:\/\/seismik.lu\/de\/wp-json\/wp\/v2\/tags?post=520"}],"curies":[{"name":"wp","href":"https:\/\/api.w.org\/{rel}","templated":true}]}}